{"id":6054,"date":"2015-02-15T19:33:52","date_gmt":"2015-02-15T19:33:52","guid":{"rendered":"https:\/\/amc.bleart.dev\/story\/tregimi-i-elmedines\/"},"modified":"2015-02-15T19:37:29","modified_gmt":"2015-02-15T19:37:29","slug":"tregimi-i-elmedines","status":"publish","type":"story","link":"https:\/\/amchealth.org\/sq\/story\/tregimi-i-elmedines\/","title":{"rendered":"Tregimi i Elmedin\u00ebs"},"content":{"rendered":"<p>Ju p\u00ebrsh\u00ebndet Elmedina, nj\u00ebra nga trineqet q\u00eb mbijetoi nga lindja e parakohshme fal\u00eb inkubator\u00ebve t\u00eb mund\u00ebsuar nga Aksioni p\u00ebrmes donacioneve t\u00eb kompanis\u00eb Ipko.<\/p>\n<p>Elmedina e cila besohej se nuk do t\u00eb mbijetonte, \u00ebsht\u00eb sh\u00ebndosh\u00eb e mir\u00eb dhe ka dy jav\u00eb q\u00eb \u00ebsht\u00eb larguar nga inkubatori. Kjo engj\u00ebllush\u00eb q\u00eb tani jeton dhe shijon ngroht\u00ebsin\u00eb e p\u00ebrqafimeve t\u00eb n\u00ebn\u00ebs se saj, \u00ebsht\u00eb shum\u00eb e vog\u00ebl, dhe peshon vet\u00ebm 1.620gram. Kur n\u00ebna e Elmedin\u00ebs arriti n\u00eb spitalin e lindjes, mjek\u00ebt mendonin se Elmedina nuk kishe mund\u00ebsi t\u00eb mbijetoj\u00eb,\u00a0shpresonin p\u00ebr dy foshnjet e tjera.<\/p>\n<p>Elmedina \u00ebsht\u00eb vendosur n\u00eb inkubator q\u00eb nga 21 korriku e deri me 5 tetor dhe tash g\u00ebzon sh\u00ebndet dhe shum\u00eb dashuri nga n\u00ebna dhe familja e saj.<\/p>\n","protected":false},"featured_media":6055,"menu_order":0,"template":"","meta":{"_acf_changed":false,"give_campaign_id":0},"class_list":["post-6054","story","type-story","status-publish","has-post-thumbnail","hentry"],"acf":[],"_links":{"self":[{"href":"https:\/\/amchealth.org\/sq\/wp-json\/wp\/v2\/story\/6054","targetHints":{"allow":["GET"]}}],"collection":[{"href":"https:\/\/amchealth.org\/sq\/wp-json\/wp\/v2\/story"}],"about":[{"href":"https:\/\/amchealth.org\/sq\/wp-json\/wp\/v2\/types\/story"}],"wp:featuredmedia":[{"embeddable":true,"href":"https:\/\/amchealth.org\/sq\/wp-json\/wp\/v2\/media\/6055"}],"wp:attachment":[{"href":"https:\/\/amchealth.org\/sq\/wp-json\/wp\/v2\/media?parent=6054"}],"curies":[{"name":"wp","href":"https:\/\/api.w.org\/{rel}","templated":true}]}}